{"id":2434,"date":"2022-04-14T19:39:00","date_gmt":"2022-04-14T17:39:00","guid":{"rendered":"http:\/\/www.astrokreativ.de\/neuastro\/?p=2434"},"modified":"2022-04-14T19:41:22","modified_gmt":"2022-04-14T17:41:22","slug":"aktuelles-2","status":"publish","type":"post","link":"https:\/\/www.astrokreativ.de\/neuastro\/aktuelles-2","title":{"rendered":"Aktuelles"},"content":{"rendered":"\n<p>Gestern ein Eich\u00f6rnchen beobachtet, dass ihre versteckte Nuss wiedergefunden hat.<\/p>\n\n\n<div>\n<div id='gallery-1' class='gallery galleryid-2434 gallery-columns-2 gallery-size-medium'><figure class='gallery-item'>\n\t\t\t<div class='gallery-icon landscape'>\n\t\t\t\t<a href='https:\/\/www.astrokreativ.de\/neuastro\/wp-content\/uploads\/2021\/02\/Eichhoernchen1.jpg'><img width=\"1000\" height=\"719\" src=\"https:\/\/www.astrokreativ.de\/neuastro\/wp-content\/uploads\/2021\/02\/Eichhoernchen1.jpg\" class=\"attachment-medium size-medium\" alt=\"Tierfoto\" decoding=\"async\" loading=\"lazy\" srcset=\"https:\/\/www.astrokreativ.de\/neuastro\/wp-content\/uploads\/2021\/02\/Eichhoernchen1.jpg 1000w, https:\/\/www.astrokreativ.de\/neuastro\/wp-content\/uploads\/2021\/02\/Eichhoernchen1-768x552.jpg 768w\" sizes=\"(max-width: 1000px) 100vw, 1000px\" style=\"width:100%;height:71.9%;max-width:1000px;\" \/><\/a>\n\t\t\t<\/div><\/figure><figure class='gallery-item'>\n\t\t\t<div class='gallery-icon landscape'>\n\t\t\t\t<a href='https:\/\/www.astrokreativ.de\/neuastro\/wp-content\/uploads\/2021\/02\/Eichhoernchen2.jpg'><img width=\"1000\" height=\"716\" src=\"https:\/\/www.astrokreativ.de\/neuastro\/wp-content\/uploads\/2021\/02\/Eichhoernchen2.jpg\" class=\"attachment-medium size-medium\" alt=\"Tierfoto\" decoding=\"async\" loading=\"lazy\" srcset=\"https:\/\/www.astrokreativ.de\/neuastro\/wp-content\/uploads\/2021\/02\/Eichhoernchen2.jpg 1000w, https:\/\/www.astrokreativ.de\/neuastro\/wp-content\/uploads\/2021\/02\/Eichhoernchen2-768x550.jpg 768w\" sizes=\"(max-width: 1000px) 100vw, 1000px\" style=\"width:100%;height:71.6%;max-width:1000px;\" \/><\/a>\n\t\t\t<\/div><\/figure><figure class='gallery-item'>\n\t\t\t<div class='gallery-icon landscape'>\n\t\t\t\t<a href='https:\/\/www.astrokreativ.de\/neuastro\/wp-content\/uploads\/2021\/02\/Eichhoernchen3.jpg'><img width=\"1000\" height=\"723\" src=\"https:\/\/www.astrokreativ.de\/neuastro\/wp-content\/uploads\/2021\/02\/Eichhoernchen3.jpg\" class=\"attachment-medium size-medium\" alt=\"Tierfoto\" decoding=\"async\" loading=\"lazy\" srcset=\"https:\/\/www.astrokreativ.de\/neuastro\/wp-content\/uploads\/2021\/02\/Eichhoernchen3.jpg 1000w, https:\/\/www.astrokreativ.de\/neuastro\/wp-content\/uploads\/2021\/02\/Eichhoernchen3-768x555.jpg 768w\" sizes=\"(max-width: 1000px) 100vw, 1000px\" style=\"width:100%;height:72.3%;max-width:1000px;\" \/><\/a>\n\t\t\t<\/div><\/figure><figure class='gallery-item'>\n\t\t\t<div class='gallery-icon landscape'>\n\t\t\t\t<a href='https:\/\/www.astrokreativ.de\/neuastro\/wp-content\/uploads\/2021\/02\/Eichhoernchen4.jpg'><img width=\"1000\" height=\"725\" src=\"https:\/\/www.astrokreativ.de\/neuastro\/wp-content\/uploads\/2021\/02\/Eichhoernchen4.jpg\" class=\"attachment-medium size-medium\" alt=\"\" decoding=\"async\" loading=\"lazy\" srcset=\"https:\/\/www.astrokreativ.de\/neuastro\/wp-content\/uploads\/2021\/02\/Eichhoernchen4.jpg 1000w, https:\/\/www.astrokreativ.de\/neuastro\/wp-content\/uploads\/2021\/02\/Eichhoernchen4-768x557.jpg 768w\" sizes=\"(max-width: 1000px) 100vw, 1000px\" style=\"width:100%;height:72.5%;max-width:1000px;\" \/><\/a>\n\t\t\t<\/div><\/figure><figure class='gallery-item'>\n\t\t\t<div class='gallery-icon landscape'>\n\t\t\t\t<a href='https:\/\/www.astrokreativ.de\/neuastro\/wp-content\/uploads\/2021\/02\/Eichhoernchen5.jpg'><img width=\"1000\" height=\"713\" src=\"https:\/\/www.astrokreativ.de\/neuastro\/wp-content\/uploads\/2021\/02\/Eichhoernchen5.jpg\" class=\"attachment-medium size-medium\" alt=\"Tierfoto\" decoding=\"async\" loading=\"lazy\" srcset=\"https:\/\/www.astrokreativ.de\/neuastro\/wp-content\/uploads\/2021\/02\/Eichhoernchen5.jpg 1000w, https:\/\/www.astrokreativ.de\/neuastro\/wp-content\/uploads\/2021\/02\/Eichhoernchen5-768x548.jpg 768w\" sizes=\"(max-width: 1000px) 100vw, 1000px\" style=\"width:100%;height:71.3%;max-width:1000px;\" \/><\/a>\n\t\t\t<\/div><\/figure><figure class='gallery-item'>\n\t\t\t<div class='gallery-icon landscape'>\n\t\t\t\t<a href='https:\/\/www.astrokreativ.de\/neuastro\/wp-content\/uploads\/2021\/02\/Eichhoernchen6.jpg'><img width=\"1000\" height=\"706\" src=\"https:\/\/www.astrokreativ.de\/neuastro\/wp-content\/uploads\/2021\/02\/Eichhoernchen6.jpg\" class=\"attachment-medium size-medium\" alt=\"Tierfoto\" decoding=\"async\" loading=\"lazy\" srcset=\"https:\/\/www.astrokreativ.de\/neuastro\/wp-content\/uploads\/2021\/02\/Eichhoernchen6.jpg 1000w, https:\/\/www.astrokreativ.de\/neuastro\/wp-content\/uploads\/2021\/02\/Eichhoernchen6-768x542.jpg 768w\" sizes=\"(max-width: 1000px) 100vw, 1000px\" style=\"width:100%;height:70.6%;max-width:1000px;\" \/><\/a>\n\t\t\t<\/div><\/figure><figure class='gallery-item'>\n\t\t\t<div class='gallery-icon landscape'>\n\t\t\t\t<a href='https:\/\/www.astrokreativ.de\/neuastro\/wp-content\/uploads\/2021\/02\/Eichhoernchen7.jpg'><img width=\"1000\" height=\"722\" src=\"https:\/\/www.astrokreativ.de\/neuastro\/wp-content\/uploads\/2021\/02\/Eichhoernchen7.jpg\" class=\"attachment-medium size-medium\" alt=\"Tierfoto\" decoding=\"async\" loading=\"lazy\" srcset=\"https:\/\/www.astrokreativ.de\/neuastro\/wp-content\/uploads\/2021\/02\/Eichhoernchen7.jpg 1000w, https:\/\/www.astrokreativ.de\/neuastro\/wp-content\/uploads\/2021\/02\/Eichhoernchen7-768x554.jpg 768w\" sizes=\"(max-width: 1000px) 100vw, 1000px\" style=\"width:100%;height:72.2%;max-width:1000px;\" \/><\/a>\n\t\t\t<\/div><\/figure><figure class='gallery-item'>\n\t\t\t<div class='gallery-icon landscape'>\n\t\t\t\t<a href='https:\/\/www.astrokreativ.de\/neuastro\/wp-content\/uploads\/2021\/02\/Eichhoernchen8.jpg'><img width=\"1000\" height=\"716\" src=\"https:\/\/www.astrokreativ.de\/neuastro\/wp-content\/uploads\/2021\/02\/Eichhoernchen8.jpg\" class=\"attachment-medium size-medium\" alt=\"Tierfoto\" decoding=\"async\" loading=\"lazy\" srcset=\"https:\/\/www.astrokreativ.de\/neuastro\/wp-content\/uploads\/2021\/02\/Eichhoernchen8.jpg 1000w, https:\/\/www.astrokreativ.de\/neuastro\/wp-content\/uploads\/2021\/02\/Eichhoernchen8-768x550.jpg 768w\" sizes=\"(max-width: 1000px) 100vw, 1000px\" style=\"width:100%;height:71.6%;max-width:1000px;\" \/><\/a>\n\t\t\t<\/div><\/figure>\n\t\t<\/div>\n\n<\/div>\n<div><span style=\"font-family: Verdana;\"><span style=\"font-size: small;\"><span style=\"color: #7b4908;\">14. Februar 2021<\/span><\/span><\/span><\/div>\n<div>&nbsp;<\/div>\n<div>\n<div>\n<figure id=\"attachment_3215\" aria-describedby=\"caption-attachment-3215\" style=\"width: 464px\" class=\"wp-caption alignnone\"><a href=\"https:\/\/www.astrokreativ.de\/neuastro\/wp-content\/uploads\/2020\/11\/Seifenblase5.jpg\"><img decoding=\"async\" loading=\"lazy\" class=\"wp-image-3215\" src=\"https:\/\/www.astrokreativ.de\/neuastro\/wp-content\/uploads\/2020\/11\/Seifenblase5.jpg\" alt=\"Foto Seifenblase\" width=\"464\" height=\"377\" srcset=\"https:\/\/www.astrokreativ.de\/neuastro\/wp-content\/uploads\/2020\/11\/Seifenblase5.jpg 1232w, https:\/\/www.astrokreativ.de\/neuastro\/wp-content\/uploads\/2020\/11\/Seifenblase5-768x623.jpg 768w\" sizes=\"(max-width: 464px) 100vw, 464px\" \/><\/a><figcaption id=\"caption-attachment-3215\" class=\"wp-caption-text\">Gefrorene Seifenblase bei Sonnenaufgang<\/figcaption><\/figure>\n<\/div>\n<div>&nbsp;<\/div>\n<div>\n<figure id=\"attachment_3214\" aria-describedby=\"caption-attachment-3214\" style=\"width: 396px\" class=\"wp-caption alignnone\"><a href=\"https:\/\/www.astrokreativ.de\/neuastro\/wp-content\/uploads\/2020\/11\/Seifenblase4.jpg\"><img decoding=\"async\" loading=\"lazy\" class=\"wp-image-3214\" src=\"https:\/\/www.astrokreativ.de\/neuastro\/wp-content\/uploads\/2020\/11\/Seifenblase4.jpg\" alt=\"Foto Seifenblase\" width=\"396\" height=\"377\" srcset=\"https:\/\/www.astrokreativ.de\/neuastro\/wp-content\/uploads\/2020\/11\/Seifenblase4.jpg 1000w, https:\/\/www.astrokreativ.de\/neuastro\/wp-content\/uploads\/2020\/11\/Seifenblase4-768x732.jpg 768w\" sizes=\"(max-width: 396px) 100vw, 396px\" \/><\/a><figcaption id=\"caption-attachment-3214\" class=\"wp-caption-text\">Gefrorene Seifenblasen 13.02.21<\/figcaption><\/figure>\n<\/div>\n<div>&nbsp;<\/div>\n<div>\n<figure id=\"attachment_3213\" aria-describedby=\"caption-attachment-3213\" style=\"width: 381px\" class=\"wp-caption alignnone\"><a href=\"https:\/\/www.astrokreativ.de\/neuastro\/wp-content\/uploads\/2020\/11\/Seifenblase.jpg\"><img decoding=\"async\" loading=\"lazy\" class=\"wp-image-3213\" src=\"https:\/\/www.astrokreativ.de\/neuastro\/wp-content\/uploads\/2020\/11\/Seifenblase.jpg\" alt=\"Foto Seifenblase\" width=\"381\" height=\"377\" srcset=\"https:\/\/www.astrokreativ.de\/neuastro\/wp-content\/uploads\/2020\/11\/Seifenblase.jpg 1000w, https:\/\/www.astrokreativ.de\/neuastro\/wp-content\/uploads\/2020\/11\/Seifenblase-768x760.jpg 768w\" sizes=\"(max-width: 381px) 100vw, 381px\" \/><\/a><figcaption id=\"caption-attachment-3213\" class=\"wp-caption-text\">Gefrorene Seifenblasen 13.02.21<\/figcaption><\/figure>\n<\/div>\n<div>&nbsp;<\/div>\n<\/div>\n<div>&nbsp;<\/div>\n<figure id=\"attachment_3168\" aria-describedby=\"caption-attachment-3168\" style=\"width: 482px\" class=\"wp-caption alignnone\"><a href=\"https:\/\/www.astrokreativ.de\/neuastro\/wp-content\/uploads\/2020\/01\/Mond-Venus.jpg\"><img decoding=\"async\" loading=\"lazy\" class=\"wp-image-3168\" src=\"https:\/\/www.astrokreativ.de\/neuastro\/wp-content\/uploads\/2020\/01\/Mond-Venus.jpg\" alt=\"Mond-Venus\" width=\"482\" height=\"381\" srcset=\"https:\/\/www.astrokreativ.de\/neuastro\/wp-content\/uploads\/2020\/01\/Mond-Venus.jpg 1000w, https:\/\/www.astrokreativ.de\/neuastro\/wp-content\/uploads\/2020\/01\/Mond-Venus-768x607.jpg 768w\" sizes=\"(max-width: 482px) 100vw, 482px\" \/><\/a><figcaption id=\"caption-attachment-3168\" class=\"wp-caption-text\">13. November 2020 Mondsichel mit Venus am Morgenhimmel um 7.10 Uhr<\/figcaption><\/figure>\n<div>&nbsp;<\/div>\n<div class=\"post-date\"><span style=\"color: #333333;\">&nbsp;<\/span><\/div>\n<figure id=\"attachment_2961\" aria-describedby=\"caption-attachment-2961\" style=\"width: 482px\" class=\"wp-caption alignnone\"><a href=\"https:\/\/www.astrokreativ.de\/neuastro\/wp-content\/uploads\/2019\/06\/4-planeten.jpg\"><img decoding=\"async\" loading=\"lazy\" class=\"wp-image-2961\" src=\"https:\/\/www.astrokreativ.de\/neuastro\/wp-content\/uploads\/2019\/06\/4-planeten.jpg\" alt=\"4 Planeten\" width=\"482\" height=\"361\" srcset=\"https:\/\/www.astrokreativ.de\/neuastro\/wp-content\/uploads\/2019\/06\/4-planeten.jpg 1000w, https:\/\/www.astrokreativ.de\/neuastro\/wp-content\/uploads\/2019\/06\/4-planeten-768x575.jpg 768w\" sizes=\"(max-width: 482px) 100vw, 482px\" \/><\/a><figcaption id=\"caption-attachment-2961\" class=\"wp-caption-text\">11. Januar 2020&nbsp; Saturn-Pluto-Konjunktion mit Sonne und Merkur vom 10. &#8211; 13. Januar 2020. Ein neuer gro\u00dfer Zyklus beginnt.<\/figcaption><\/figure>\n<p><span style=\"color: #333333;\">&nbsp;<\/span><\/p>\n<figure id=\"attachment_2852\" aria-describedby=\"caption-attachment-2852\" style=\"width: 482px\" class=\"wp-caption alignnone\"><a href=\"https:\/\/www.astrokreativ.de\/neuastro\/wp-content\/uploads\/2019\/05\/Schuetze-Vollmond-2019.jpg\"><img decoding=\"async\" loading=\"lazy\" class=\"wp-image-2852\" src=\"https:\/\/www.astrokreativ.de\/neuastro\/wp-content\/uploads\/2019\/05\/Schuetze-Vollmond-2019.jpg\" alt=\"Sch\u00fctze Vollmond 2019\" width=\"482\" height=\"380\" srcset=\"https:\/\/www.astrokreativ.de\/neuastro\/wp-content\/uploads\/2019\/05\/Schuetze-Vollmond-2019.jpg 1016w, https:\/\/www.astrokreativ.de\/neuastro\/wp-content\/uploads\/2019\/05\/Schuetze-Vollmond-2019-768x605.jpg 768w\" sizes=\"(max-width: 482px) 100vw, 482px\" \/><\/a><figcaption id=\"caption-attachment-2852\" class=\"wp-caption-text\">17.06.2019 Sch\u00fctze Vollmond um 21.40<\/figcaption><\/figure>\n<p><span style=\"color: #333333;\">&nbsp;<\/span><\/p>\n<figure id=\"attachment_2819\" aria-describedby=\"caption-attachment-2819\" style=\"width: 482px\" class=\"wp-caption alignnone\"><a href=\"https:\/\/www.astrokreativ.de\/neuastro\/wp-content\/uploads\/2019\/01\/Eichhoernchen.jpg\"><img decoding=\"async\" loading=\"lazy\" class=\"wp-image-2819\" src=\"https:\/\/www.astrokreativ.de\/neuastro\/wp-content\/uploads\/2019\/01\/Eichhoernchen.jpg\" alt=\"Eichh\u00f6rnchen\" width=\"482\" height=\"362\" srcset=\"https:\/\/www.astrokreativ.de\/neuastro\/wp-content\/uploads\/2019\/01\/Eichhoernchen.jpg 1000w, https:\/\/www.astrokreativ.de\/neuastro\/wp-content\/uploads\/2019\/01\/Eichhoernchen-768x576.jpg 768w\" sizes=\"(max-width: 482px) 100vw, 482px\" \/><\/a><figcaption id=\"caption-attachment-2819\" class=\"wp-caption-text\">27.05.2019 Gestern wurde ich im Wald von einem s\u00fc\u00dfem Eichh\u00f6rnchen beobachtet.<\/figcaption><\/figure>\n<p><span style=\"color: #333333;\">&nbsp;<\/span><\/p>\n<figure id=\"attachment_2744\" aria-describedby=\"caption-attachment-2744\" style=\"width: 482px\" class=\"wp-caption alignnone\"><a href=\"https:\/\/www.astrokreativ.de\/neuastro\/wp-content\/uploads\/2019\/01\/Venus-Mond-Jupiter.jpg\"><img decoding=\"async\" loading=\"lazy\" class=\"wp-image-2744\" src=\"https:\/\/www.astrokreativ.de\/neuastro\/wp-content\/uploads\/2019\/01\/Venus-Mond-Jupiter.jpg\" alt=\"Eichh\u00f6rnchen\" width=\"482\" height=\"335\" srcset=\"https:\/\/www.astrokreativ.de\/neuastro\/wp-content\/uploads\/2019\/01\/Venus-Mond-Jupiter.jpg 862w, https:\/\/www.astrokreativ.de\/neuastro\/wp-content\/uploads\/2019\/01\/Venus-Mond-Jupiter-768x535.jpg 768w\" sizes=\"(max-width: 482px) 100vw, 482px\" \/><\/a><figcaption id=\"caption-attachment-2744\" class=\"wp-caption-text\">31.01.2019 Der Mond zwischen Venus und Jupiter am Morgenhimmel um 7.22 Uhr<\/figcaption><\/figure>\n<p><span style=\"color: #333333;\">&nbsp;<\/span><\/p>\n<figure id=\"attachment_2727\" aria-describedby=\"caption-attachment-2727\" style=\"width: 482px\" class=\"wp-caption alignnone\"><a href=\"https:\/\/www.astrokreativ.de\/neuastro\/wp-content\/uploads\/2018\/08\/Venus-Jupiter1.jpg\"><img decoding=\"async\" loading=\"lazy\" class=\"wp-image-2727\" src=\"https:\/\/www.astrokreativ.de\/neuastro\/wp-content\/uploads\/2018\/08\/Venus-Jupiter1.jpg\" alt=\"Venus-Jupiter-Konjunktion\" width=\"482\" height=\"334\" srcset=\"https:\/\/www.astrokreativ.de\/neuastro\/wp-content\/uploads\/2018\/08\/Venus-Jupiter1.jpg 1011w, https:\/\/www.astrokreativ.de\/neuastro\/wp-content\/uploads\/2018\/08\/Venus-Jupiter1-768x532.jpg 768w\" sizes=\"(max-width: 482px) 100vw, 482px\" \/><\/a><figcaption id=\"caption-attachment-2727\" class=\"wp-caption-text\">22.01.2019 Venus-Jupiter-Konjunktion am Morgenhimmel um 7.27 Uhr<\/figcaption><\/figure>\n<p><span style=\"color: #333333;\">&nbsp;<\/span><\/p>\n<figure id=\"attachment_2668\" aria-describedby=\"caption-attachment-2668\" style=\"width: 482px\" class=\"wp-caption alignnone\"><a href=\"https:\/\/www.astrokreativ.de\/neuastro\/wp-content\/uploads\/2018\/07\/Eingefangene-Sonne.jpg\"><img decoding=\"async\" loading=\"lazy\" class=\"wp-image-2668\" src=\"https:\/\/www.astrokreativ.de\/neuastro\/wp-content\/uploads\/2018\/07\/Eingefangene-Sonne.jpg\" alt=\"Eingefangene Sonne\" width=\"482\" height=\"363\" srcset=\"https:\/\/www.astrokreativ.de\/neuastro\/wp-content\/uploads\/2018\/07\/Eingefangene-Sonne.jpg 864w, https:\/\/www.astrokreativ.de\/neuastro\/wp-content\/uploads\/2018\/07\/Eingefangene-Sonne-768x578.jpg 768w\" sizes=\"(max-width: 482px) 100vw, 482px\" \/><\/a><figcaption id=\"caption-attachment-2668\" class=\"wp-caption-text\">11.08.2018 Foto &#8222;Eingefangene Sonne&#8220; \u2013 passend&nbsp; zur partiellen Sonnenfinsternis!<\/figcaption><\/figure>\n<p><span style=\"color: #333333;\">&nbsp;<\/span><\/p>\n<figure id=\"attachment_2649\" aria-describedby=\"caption-attachment-2649\" style=\"width: 482px\" class=\"wp-caption alignnone\"><img decoding=\"async\" loading=\"lazy\" class=\"wp-image-2649\" src=\"https:\/\/www.astrokreativ.de\/neuastro\/wp-content\/uploads\/2018\/05\/Blutmond2.jpg\" alt=\"Mondfinsternis\" width=\"482\" height=\"482\" srcset=\"https:\/\/www.astrokreativ.de\/neuastro\/wp-content\/uploads\/2018\/05\/Blutmond2.jpg 600w, https:\/\/www.astrokreativ.de\/neuastro\/wp-content\/uploads\/2018\/05\/Blutmond2-500x500.jpg 500w, https:\/\/www.astrokreativ.de\/neuastro\/wp-content\/uploads\/2018\/05\/Blutmond2-400x400.jpg 400w\" sizes=\"(max-width: 482px) 100vw, 482px\" \/><figcaption id=\"caption-attachment-2649\" class=\"wp-caption-text\">30.07.2018 Mondfinsternis diesmal gemalt.<\/figcaption><\/figure>\n<p><span style=\"color: #333333;\">&nbsp;<\/span><\/p>\n<figure id=\"attachment_2647\" aria-describedby=\"caption-attachment-2647\" style=\"width: 482px\" class=\"wp-caption alignnone\"><img decoding=\"async\" loading=\"lazy\" class=\"wp-image-2647\" src=\"https:\/\/www.astrokreativ.de\/neuastro\/wp-content\/uploads\/2018\/05\/Blutmond-Foto.jpg\" alt=\"Blutmond-Foto\" width=\"482\" height=\"392\"><figcaption id=\"caption-attachment-2647\" class=\"wp-caption-text\">27.07.2018 Mondfinsternis um 23.20<\/figcaption><\/figure>\n<p><span style=\"color: #333333;\">&nbsp;<\/span><\/p>\n<figure id=\"attachment_2523\" aria-describedby=\"caption-attachment-2523\" style=\"width: 482px\" class=\"wp-caption alignnone\"><a href=\"https:\/\/www.astrokreativ.de\/neuastro\/wp-content\/uploads\/2018\/02\/Vollmond-mit-Jupiter.jpg\"><img decoding=\"async\" loading=\"lazy\" class=\"wp-image-2523\" src=\"https:\/\/www.astrokreativ.de\/neuastro\/wp-content\/uploads\/2018\/02\/Vollmond-mit-Jupiter.jpg\" alt=\"Vollmond mit Jupiter\" width=\"482\" height=\"342\" srcset=\"https:\/\/www.astrokreativ.de\/neuastro\/wp-content\/uploads\/2018\/02\/Vollmond-mit-Jupiter.jpg 916w, https:\/\/www.astrokreativ.de\/neuastro\/wp-content\/uploads\/2018\/02\/Vollmond-mit-Jupiter-768x545.jpg 768w\" sizes=\"(max-width: 482px) 100vw, 482px\" \/><\/a><figcaption id=\"caption-attachment-2523\" class=\"wp-caption-text\">30.04.2018 Skorpion-Vollmond mit Jupiter um 22.13<\/figcaption><\/figure>\n<figure id=\"attachment_2524\" aria-describedby=\"caption-attachment-2524\" style=\"width: 482px\" class=\"wp-caption alignnone\"><a href=\"https:\/\/www.astrokreativ.de\/neuastro\/wp-content\/uploads\/2018\/02\/Jupiter-mit-seinen-Monden.jpg\"><img decoding=\"async\" loading=\"lazy\" class=\"wp-image-2524\" src=\"https:\/\/www.astrokreativ.de\/neuastro\/wp-content\/uploads\/2018\/02\/Jupiter-mit-seinen-Monden.jpg\" alt=\"Jupiter mit seinen Monden\" width=\"482\" height=\"338\" srcset=\"https:\/\/www.astrokreativ.de\/neuastro\/wp-content\/uploads\/2018\/02\/Jupiter-mit-seinen-Monden.jpg 928w, https:\/\/www.astrokreativ.de\/neuastro\/wp-content\/uploads\/2018\/02\/Jupiter-mit-seinen-Monden-768x538.jpg 768w\" sizes=\"(max-width: 482px) 100vw, 482px\" \/><\/a><figcaption id=\"caption-attachment-2524\" class=\"wp-caption-text\">Jupiter mit seinen Monden um 22.23 Uhr<\/figcaption><\/figure>\n<p><span style=\"color: #333333;\">&nbsp;<\/span><\/p>\n<figure id=\"attachment_2515\" aria-describedby=\"caption-attachment-2515\" style=\"width: 482px\" class=\"wp-caption alignnone\"><a href=\"https:\/\/www.astrokreativ.de\/neuastro\/wp-content\/uploads\/2018\/02\/Engelparade.jpg\"><img decoding=\"async\" loading=\"lazy\" class=\"wp-image-2515\" src=\"https:\/\/www.astrokreativ.de\/neuastro\/wp-content\/uploads\/2018\/02\/Engelparade.jpg\" alt=\"Engelparade\" width=\"482\" height=\"400\"><\/a><figcaption id=\"caption-attachment-2515\" class=\"wp-caption-text\">24.03.2018 Kreative Engel einmal anders! Foto: Norbert Behn<\/figcaption><\/figure>\n<p><span style=\"color: #333333;\">&nbsp;<\/span><\/p>\n<figure id=\"attachment_2517\" aria-describedby=\"caption-attachment-2517\" style=\"width: 480px\" class=\"wp-caption alignnone\"><a href=\"https:\/\/www.astrokreativ.de\/neuastro\/wp-content\/uploads\/2018\/02\/Sonnenaufgang-1.jpg\"><img decoding=\"async\" loading=\"lazy\" class=\"wp-image-2517\" src=\"https:\/\/www.astrokreativ.de\/neuastro\/wp-content\/uploads\/2018\/02\/Sonnenaufgang-1.jpg\" alt=\"Roter Sonnennaufgang\" width=\"480\" height=\"370\" srcset=\"https:\/\/www.astrokreativ.de\/neuastro\/wp-content\/uploads\/2018\/02\/Sonnenaufgang-1.jpg 843w, https:\/\/www.astrokreativ.de\/neuastro\/wp-content\/uploads\/2018\/02\/Sonnenaufgang-1-768x592.jpg 768w\" sizes=\"(max-width: 480px) 100vw, 480px\" \/><\/a><figcaption id=\"caption-attachment-2517\" class=\"wp-caption-text\">16.02.2018 um 7.55 Uhr Morgensonne mit wundersch\u00f6ner roter Sonne!<\/figcaption><\/figure>","protected":false},"excerpt":{"rendered":"<p>Gestern ein Eich\u00f6rnchen beobachtet, dass ihre versteckte Nuss wiedergefunden hat. 14. Februar 2021 &nbsp; &nbsp; &nbsp; &nbsp; &nbsp; &nbsp; &nbsp; &nbsp; &nbsp; &nbsp; &nbsp; &nbsp; &nbsp; &nbsp; &nbsp; &nbsp; &nbsp;<\/p>\n","protected":false},"author":1,"featured_media":0,"comment_status":"closed","ping_status":"closed","sticky":false,"template":"","format":"standard","meta":[],"categories":[1],"tags":[],"aioseo_notices":[],"_links":{"self":[{"href":"https:\/\/www.astrokreativ.de\/neuastro\/wp-json\/wp\/v2\/posts\/2434"}],"collection":[{"href":"https:\/\/www.astrokreativ.de\/neuastro\/wp-json\/wp\/v2\/posts"}],"about":[{"href":"https:\/\/www.astrokreativ.de\/neuastro\/wp-json\/wp\/v2\/types\/post"}],"author":[{"embeddable":true,"href":"https:\/\/www.astrokreativ.de\/neuastro\/wp-json\/wp\/v2\/users\/1"}],"replies":[{"embeddable":true,"href":"https:\/\/www.astrokreativ.de\/neuastro\/wp-json\/wp\/v2\/comments?post=2434"}],"version-history":[{"count":34,"href":"https:\/\/www.astrokreativ.de\/neuastro\/wp-json\/wp\/v2\/posts\/2434\/revisions"}],"predecessor-version":[{"id":3690,"href":"https:\/\/www.astrokreativ.de\/neuastro\/wp-json\/wp\/v2\/posts\/2434\/revisions\/3690"}],"wp:attachment":[{"href":"https:\/\/www.astrokreativ.de\/neuastro\/wp-json\/wp\/v2\/media?parent=2434"}],"wp:term":[{"taxonomy":"category","embeddable":true,"href":"https:\/\/www.astrokreativ.de\/neuastro\/wp-json\/wp\/v2\/categories?post=2434"},{"taxonomy":"post_tag","embeddable":true,"href":"https:\/\/www.astrokreativ.de\/neuastro\/wp-json\/wp\/v2\/tags?post=2434"}],"curies":[{"name":"wp","href":"https:\/\/api.w.org\/{rel}","templated":true}]}}